[{"@context":"https:\/\/schema.org\/","@type":"Article","@id":"https:\/\/www.fala.sk\/patrite-aj-vy-k-jazdcom-na-motorke\/#Article","mainEntityOfPage":"https:\/\/www.fala.sk\/patrite-aj-vy-k-jazdcom-na-motorke\/","headline":"Patr\u00edte aj vy k jazdcom na motorke?","name":"Patr\u00edte aj vy k jazdcom na motorke?","description":"Pre mnoh\u00fdch \u013eud\u00ed je motocykel ove\u013ea v\u010fa\u010dnej\u0161\u00edm a praktickej\u0161\u00edm dopravn\u00fdm prostriedkom ako samotn\u00fd automobil. Mnoh\u00ed sa nevedia po\u010das zimy do\u010dka\u0165 iba jedin\u00e9ho \u2013 kone\u010dne sa op\u00e4\u0165 vozi\u0165 na svojej vysn\u00edvanej motorke, ktor\u00e1 im poskytuje pocit slobody, ktor\u00fd im tak ch\u00fdbal po\u010das zimy, kedy na nej jazdi\u0165 nemohli. Ak teda u\u017e kone\u010dne zima pominula a vy...","datePublished":"2019-06-15","dateModified":"2023-04-27","author":{"@type":"Person","@id":"https:\/\/www.fala.sk\/author\/#Person","name":"","url":"https:\/\/www.fala.sk\/author\/","identifier":1,"image":{"@type":"ImageObject","@id":"https:\/\/secure.gravatar.com\/avatar\/70b0b0c6ef7dca5d65c935edece415df3e99a7281ef835a281ae62fb4236351b?s=96&d=mm&r=g","url":"https:\/\/secure.gravatar.com\/avatar\/70b0b0c6ef7dca5d65c935edece415df3e99a7281ef835a281ae62fb4236351b?s=96&d=mm&r=g","height":96,"width":96}},"publisher":{"@type":"Organization","name":"fala.sk","logo":{"@type":"ImageObject","@id":"\/logo.png","url":"\/logo.png","width":600,"height":60}},"image":{"@type":"ImageObject","@id":"https:\/\/www.fala.sk\/wp-content\/uploads\/img_a304250_w16716_t1565015083.jpg","url":"https:\/\/www.fala.sk\/wp-content\/uploads\/img_a304250_w16716_t1565015083.jpg","height":0,"width":0},"url":"https:\/\/www.fala.sk\/patrite-aj-vy-k-jazdcom-na-motorke\/","about":["V\u00fdrobky"],"wordCount":386,"articleBody":"  Pre mnoh\u00fdch \u013eud\u00ed je motocykel ove\u013ea v\u010fa\u010dnej\u0161\u00edm a praktickej\u0161\u00edm dopravn\u00fdm prostriedkom ako samotn\u00fd automobil. Mnoh\u00ed sa nevedia po\u010das zimy do\u010dka\u0165 iba jedin\u00e9ho \u2013 kone\u010dne sa op\u00e4\u0165 vozi\u0165 na svojej vysn\u00edvanej motorke, ktor\u00e1 im poskytuje pocit slobody, ktor\u00fd im tak ch\u00fdbal po\u010das zimy, kedy na nej jazdi\u0165 nemohli. Ak teda u\u017e kone\u010dne zima pominula a vy sa neviete do\u010dka\u0165 momentu, kedy svoju l\u00e1sku vytiahnete z gar\u00e1\u017ee, poutierate od prachu a kone\u010dne poriadne prevetr\u00e1te, nezabudnite si so sebou v ka\u017edom pr\u00edpade zobra\u0165 prilbu, ktor\u00e1 je ve\u013emi d\u00f4le\u017eit\u00fdm prvkom a s\u00fa\u010das\u0165ou ka\u017ed\u00e9ho motorov\u00e9ho \u0161portu a ka\u017edej jazdy. Bu\u010fte teda d\u00f4sledn\u00fd a jazdite opatrne a bezpe\u010dne, s prilbou, ktorou si perfektne chr\u00e1nite svoju hlavu. Pam\u00e4tajte, \u017ee bezpe\u010dnos\u0165 je ve\u013emi podstatn\u00e1, a pri jazde na motorke nemus\u00ed by\u0165 dokonca ohrozen\u00fd iba v\u00e1\u0161 \u017eivot, ale aj \u017eivot n\u00e1hodn\u00fdch, nevinn\u00fdch okoloid\u00facich.  Ak ste zistili, \u017ee nem\u00e1te vhodn\u00fa prilbu, ne\u00fafajte, preto\u017ee agv compact st od Eres-racing v\u00e1m pon\u00faka presne to, \u010do potrebujete nie len pre svoju kompletn\u00fa bezpe\u010dnos\u0165, ale aj pre svoje pohodlie, ktor\u00e9 je pri jazde na motocykli tie\u017e ve\u013emi d\u00f4le\u017eit\u00fdm faktorom. Ak h\u013ead\u00e1te kvalitu s navy\u0161e ve\u013emi \u0161t\u00fdlov\u00fdmi prevedeniami, ste na spr\u00e1vnom mieste. AGV COMPACT ST v\u00e1m okrem in\u00e9ho pon\u00faka aj predpr\u00edpravu pre komunik\u00e1ciu cez bluetooth, \u0161iroko priepustn\u00fd vetrac\u00ed syst\u00e9m IVS, nov\u00fa PINLOCK 70 f\u00f3liu, ktor\u00fa obdr\u017e\u00edte v balen\u00ed, vylep\u0161enie funk\u010dnosti plexiskla, integrovan\u00fa slne\u010dn\u00fa clonu, vn\u00fatorn\u00e9 pr\u00edpojky, zn\u00ed\u017eenie hlu\u010dnosti a to a\u017e o 7% a dokonca aj vn\u00fatro prilby sa d\u00e1 jednoducho vytiahnu\u0165 a umy\u0165 a ve\u013e \u010fal\u0161ieho.  Myslite pri jazden\u00ed na motorke na seba, svoj komfort a najm\u00e4 na svoju bezpe\u010dnos\u0165 a vo\u013ete to najlep\u0161ie, \u010do trh pon\u00faka. Ak v\u00e1m prilba nebude na prv\u00fd kr\u00e1s sedie\u0165, nez\u00fafajte, hne\u010f do jedn\u00e9ho da m\u00e1te mo\u017eno v\u00fdmeny za men\u0161iu \u010di v\u00e4\u010d\u0161iu ve\u013ekos\u0165 pod\u013ea vlastn\u00e9ho uv\u00e1\u017eenia a ako bonus \u010dakajte dodanie zdarma!                                                                                                                                                                                                                                                                                                                                                                                         4.3\/5 - (3 votes)        "},{"@context":"https:\/\/schema.org\/","@type":"BreadcrumbList","itemListElement":[{"@type":"ListItem","position":1,"name":"Patr\u00edte aj vy k jazdcom na motorke?","item":"https:\/\/www.fala.sk\/patrite-aj-vy-k-jazdcom-na-motorke\/#breadcrumbitem"}]}]