[{"@context":"https:\/\/schema.org\/","@type":"Article","@id":"https:\/\/www.fala.sk\/su-vase-deti-v-bezpeci\/#Article","mainEntityOfPage":"https:\/\/www.fala.sk\/su-vase-deti-v-bezpeci\/","headline":"S\u00fa va\u0161e deti v bezpe\u010d\u00ed?","name":"S\u00fa va\u0161e deti v bezpe\u010d\u00ed?","description":"Je smie\u0161ne, ko\u013eko vec\u00ed sa zmen\u00ed, ke\u010f sa v\u00e1m narodia deti. Alebo aj die\u0165a. Je jasn\u00e9, \u017ee v\u0161etko, \u010do je okolo v\u00e1s, by v\u00e1s malo nakopn\u00fa\u0165, no ma\u0165 die\u0165a je ako dosta\u0165 ranu do hlavy. Zrazu si uvedom\u00edte, \u017ee v\u00e1\u0161 domov vlastne v\u00f4bec, ale naozaj v\u00f4bec nie je zabezpe\u010den\u00fd pre jeho pr\u00edchod a \u017ee vlastne...","datePublished":"2018-10-18","dateModified":"2023-04-27","author":{"@type":"Person","@id":"https:\/\/www.fala.sk\/author\/#Person","name":"","url":"https:\/\/www.fala.sk\/author\/","identifier":1,"image":{"@type":"ImageObject","@id":"https:\/\/secure.gravatar.com\/avatar\/70b0b0c6ef7dca5d65c935edece415df3e99a7281ef835a281ae62fb4236351b?s=96&d=mm&r=g","url":"https:\/\/secure.gravatar.com\/avatar\/70b0b0c6ef7dca5d65c935edece415df3e99a7281ef835a281ae62fb4236351b?s=96&d=mm&r=g","height":96,"width":96}},"publisher":{"@type":"Organization","name":"fala.sk","logo":{"@type":"ImageObject","@id":"\/logo.png","url":"\/logo.png","width":600,"height":60}},"image":{"@type":"ImageObject","@id":"https:\/\/www.fala.sk\/wp-content\/uploads\/img_a292639_w16716_t1601738887.jpg","url":"https:\/\/www.fala.sk\/wp-content\/uploads\/img_a292639_w16716_t1601738887.jpg","height":0,"width":0},"url":"https:\/\/www.fala.sk\/su-vase-deti-v-bezpeci\/","about":["V\u00fdrobky"],"wordCount":421,"articleBody":"          Je smie\u0161ne, ko\u013eko vec\u00ed sa zmen\u00ed, ke\u010f sa v\u00e1m narodia deti. Alebo aj die\u0165a. Je jasn\u00e9, \u017ee v\u0161etko, \u010do je okolo v\u00e1s, by v\u00e1s malo nakopn\u00fa\u0165, no ma\u0165 die\u0165a je ako dosta\u0165 ranu do hlavy. Zrazu si uvedom\u00edte, \u017ee v\u00e1\u0161 domov vlastne v\u00f4bec, ale naozaj v\u00f4bec nie je zabezpe\u010den\u00fd pre jeho pr\u00edchod a \u017ee vlastne naozaj nie je bezpe\u010dn\u00e9 miesto. Mo\u017eno to zo za\u010diatku e\u0161te chv\u00ed\u013eku trv\u00e1, k\u00fdm za\u010dne va\u0161e die\u0165atko chodi\u0165 a mus\u00edte sa na neho pozera\u0165, kam ide. Ak v\u0161ak hne\u010f na za\u010diatku podcen\u00edte zabradlie na schody, bude v\u00e1m jasn\u00e9, \u017ee si koledujete o naozaj ve\u013emi v\u00e1\u017eny probl\u00e9m. A to je ur\u010dite nie\u010do, \u010domu by ste sa najrad\u0161ej vyhli, no nem\u00e1me pravdu? Nebojte sa hne\u010f to za\u010da\u0165 rie\u0161i\u0165.  Najhor\u0161ie, \u010do sa m\u00f4\u017ee sta\u0165 je to, \u017ee to podcen\u00edte a budete sa tv\u00e1ri\u0165, \u017ee to vlastne ani nepotrebujete. Verte tomu, \u017ee aj ke\u010f m\u00e1te deti, m\u00f4\u017eete to rie\u0161i\u0165 hne\u010f a nemus\u00edte sa v\u00f4bec b\u00e1\u0165 toho, \u017ee sa stane nie\u010do neo\u010dak\u00e1van\u00e9 a nie\u010do, \u010do nebudete v\u00f4bec chcie\u0165 vidie\u0165. Ale verte tomu, \u017ee nakoniec s\u00fa presne toto veci, ktor\u00e9 \u013eudia proste podce\u0148uj\u00fa \u00faplne najviac. Ale nebojte sa. Hlavn\u00e9 je, \u017ee sa na to zameriate a \u017ee to dobehnete. U\u017e potom k \u017eivotu nebudete potrebova\u0165 v\u00f4bec ni\u010d viac.  Aj ke\u010f by ste si mysleli, \u017ee die\u0165a v\u00e1\u0161 \u017eivot a\u017e tak nezmen\u00ed, nakoniec ur\u010dite dospejete k tomu, \u017ee ma\u0165 die\u0165a je ako keby v\u00e1s niekto vtiahol do \u00faplne in\u00e9ho tela. Vtedy je pre v\u00e1s d\u00f4le\u017eit\u00e9 skuto\u010dne v\u0161etko okolo a verte tomu, \u017ee nech sa deje \u010doko\u013evek, predsa len by ste mali urobi\u0165 maximum preto, aby boli veci v poriadku a aby v\u0161etko fungovalo presne tak, ako to fungova\u0165 naozaj m\u00e1. Verte tomu, \u017ee niekedy to jednoducho inak nejde a niekedy proste mus\u00edte zmeni\u0165 svoje postavenie, preto\u017ee ste u\u017e jednoducho rodi\u010d a mus\u00edte sa na to zamera\u0165 a urobi\u0165 v\u0161etko preto, aby boli veci najlep\u0161ie, ako len m\u00f4\u017eu by\u0165. Je to v ka\u017edom pr\u00edpade naozaj len a len na v\u00e1s, tak si na to pam\u00e4tajte a verte tomu, \u017ee to ide ove\u013ea lep\u0161ie, ako by ste \u010dakali.                                                                                                                                                                                                                                                                                                                                                                                           4.4\/5 - (10 votes)        "},{"@context":"https:\/\/schema.org\/","@type":"BreadcrumbList","itemListElement":[{"@type":"ListItem","position":1,"name":"S\u00fa va\u0161e deti v bezpe\u010d\u00ed?","item":"https:\/\/www.fala.sk\/su-vase-deti-v-bezpeci\/#breadcrumbitem"}]}]